{"id":100,"date":"2026-04-15T05:58:31","date_gmt":"2026-04-15T05:58:31","guid":{"rendered":"https:\/\/deusvult.net\/blog\/?p=100"},"modified":"2026-04-15T05:58:31","modified_gmt":"2026-04-15T05:58:31","slug":"acto-de-consagracion-a-la-virgen-nuestra-senora","status":"publish","type":"post","link":"https:\/\/deusvult.net\/blog\/2026\/04\/15\/acto-de-consagracion-a-la-virgen-nuestra-senora\/","title":{"rendered":"Acto de Consagraci\u00f3n a la Virgen Nuestra Se\u00f1ora"},"content":{"rendered":"\n<p><strong>Acto de Consagraci\u00f3n a la Virgen compuesto y le\u00eddo por SS. Juan Pablo II en la plaza de San Pedro en la solemnidad de la Anunciaci\u00f3n de 1984<\/strong><\/p>\n\n\n\n<ol class=\"wp-block-list\">\n<li><em>&#8220;Bajo tu amparo nos acogemos, Santa Madre de Dios&#8221;.<\/em><\/li>\n<\/ol>\n\n\n\n<p>Pronunciando las palabras de esta ant\u00edfona, con la que la Iglesia de Cristo ora desde hace siglos, nos encontramos hoy ante Ti, Madre, en el a\u00f1o jubilar de la nuestra Redenci\u00f3n.<\/p>\n\n\n\n<p>Nos encontramos unidos con todos los Pastores de la Iglesia, con un particular v\u00ednculo, constituyendo un cuerpo y un colegio, as\u00ed como por Voluntad de Cristo los Ap\u00f3stoles constitu\u00edan un cuerpo y un colegio con Pedro.<\/p>\n\n\n\n<p>En el v\u00ednculo de tal unidad pronunciamos las palabras del presente Acto, en el que deseamos incluir, una vez m\u00e1s, las esperanzas y las angustias de la Iglesia por el mundo contempor\u00e1neo.<\/p>\n\n\n\n<p>Hace cuarenta a\u00f1os, y luego diez a\u00f1os despu\u00e9s, Tu siervo, el Papa P\u00edo XII, teniendo ante tus ojos las dolorosas experiencias de la familia humana, <em>confi\u00f3 y consagr\u00f3 a tu Coraz\u00f3n Inmaculado<\/em> todo el mundo y especialmente los pueblos que, por su situaci\u00f3n, son objeto particular de Tu amor y de Tu solicitud.<\/p>\n\n\n\n<p><em>Este mundo de los hombres y las naciones<\/em> lo tenemos tambi\u00e9n hoy ante los ojos; el mundo del segundo milenio que est\u00e1 por terminar, el mundo contempor\u00e1neo, nuestro mundo!<\/p>\n\n\n\n<p><em>La Iglesia<\/em>, recordando aquellas palabras del Se\u00f1or : &#8220;Id &#8230; y ense\u00f1ad a todas las naciones&#8230; He aqu\u00ed que Yo estoy con vosotros todos los d\u00edas hasta el fin del mundo&#8221; (Mt 28,19-20), ha reavivado, en el Concilio Vaticano II, la conciencia de su misi\u00f3n en este mundo.<\/p>\n\n\n\n<p>Y por eso, <em>\u00a1oh Madre de los hombres y de los pueblos!<\/em>, T\u00fa que conoces todos sus sufrimientos y sus esperanzas, T\u00fa que sientes maternalmente todas las luchas entre el bien y el mal, entre la luz y las tinieblas, que sacuden el mundo contempor\u00e1neo, acoge nuestro grito que, movidos por el Esp\u00edritu Santo, dirigimos directamente a Tu Coraz\u00f3n: <em>abraza, con amor<\/em> de Madre y de Sierva del Se\u00f1or, este nuestro mundo humano, que te confiamos y consagramos, llenos de inquietud por la suerte terrena y eterna de los hombres y de los pueblos. <\/p>\n\n\n\n<p>De un modo especial te confiamos y consagramos aquellos hombres y <em>aquellas naciones<\/em>, que tienen particular necesidad de esta entrega y de esta consagraci\u00f3n.<\/p>\n\n\n\n<p>&#8220;Bajo tu amparo nos acogemos, Santa Madre de Dios! \u00a1No desprecies nuestras s\u00faplicas, que estamos en la prueba!&#8221;.<\/p>\n\n\n\n<p>2. He aqu\u00ed, encontr\u00e1ndonos ante Ti, Madre de Cristo, ante tu Coraz\u00f3n Inmaculado, deseamos, junto con toda la Iglesia, unirnos a la consagraci\u00f3n que por amor nuestro, tu Hijo hizo de S\u00ed mismo al Padre: &#8220;Por ellos -dijo \u00c9l- me consagro a M\u00ed mismo, para que tambi\u00e9n ellos sean consagrados en la Verdad&#8221; (Jn, 17,19). Queremos unirnos a Nuestro Redentor en esta consagraci\u00f3n por el mundo y por los hombres, la cual en su Divino Coraz\u00f3n, tiene la fuerza de alcanzar el perd\u00f3n y de obtener la reparaci\u00f3n.<\/p>\n\n\n\n<p><em>La fuerza de esta consagraci\u00f3n<\/em> perdura para todos los tiempos y abraza a todos los hombres, los pueblos y las naciones, y supera todo el mal que el esp\u00edritu de las tinieblas es capaz de provocar en el coraz\u00f3n del hombre y en su historia y que, de hecho, ha provocado en nuestros tiempos.<\/p>\n\n\n\n<p>\u00a1Oh! \u00a1Cu\u00e1n profundamente sentimos la necesidad de consagraci\u00f3n para la humanidad y para el mundo: para nuestro mundo contempor\u00e1neo, en uni\u00f3n con Cristo mismo! La obra redentora de Cristo, en efecto, <em>debe ser participada por el mundo por medio de la Iglesia<\/em>.<\/p>\n\n\n\n<p>Esto manifiesta el presente a\u00f1o de la Redenci\u00f3n: el Jubileo extraordinario de toda la Iglesia.<\/p>\n\n\n\n<p>\u00a1Seas bendita (en este A\u00f1o Santo), sobre toda criatura T\u00fa, Sierva del Se\u00f1or, que del modo m\u00e1s pleno obedeciste a la divina llamada!<\/p>\n\n\n\n<p>\u00a1Seas saludada T\u00fa que <em>est\u00e1s enteramente unida<\/em> a la consagraci\u00f3n redentora de tu Hijo!<\/p>\n\n\n\n<p>\u00a1Madre de la Iglesia! \u00a1Ilumina al Pueblo de Dios por el camino de la fe, de la esperanza y de la caridad! Ilumina especialmente aquellos pueblos de los que T\u00fa misma esperas que te consagremos y confiemos. Ay\u00fadanos a vivir en la verdad de la consagraci\u00f3n de Cristo por toda la familia humana del mundo contempor\u00e1neo.<\/p>\n\n\n\n<p>3. <em>Confiando a Ti,<\/em> \u00a1oh Madre!, el mundo, todos los hombres y todos los pueblos, Te <em>confiamos<\/em>, tambi\u00e9n <em>la misma consagraci\u00f3n del mundo<\/em>, poni\u00e9ndola en Tu Coraz\u00f3n Materno.<\/p>\n\n\n\n<p>\u00a1Oh Coraz\u00f3n Inmaculado! \u00a1Ay\u00fadanos a vencer la amenaza del mal, que tan f\u00e1cilmente arraiga en el coraz\u00f3n de los hombres de hoy y que en sus efectos inconmensurables ya grava sobre la vida presente y parece cerrar los caminos hacia el futuro!.<\/p>\n\n\n\n<p>Del hambre y de la guerra \u00a1<em>l\u00edbranos<\/em>!<\/p>\n\n\n\n<p>De la guerra nuclear, de una autodestrucci\u00f3n incalculable, de toda guerra, \u00a1<em>l\u00edbranos<\/em>!<\/p>\n\n\n\n<p>De los pecados contra la vida del hombre desde sus albores, \u00a1<em>l\u00edbranos<\/em>!<\/p>\n\n\n\n<p>Del odio y del envilecimiento de la dignidad de los hijos de Dios \u00a1<em>l\u00edbranos<\/em>!<\/p>\n\n\n\n<p>De toda clase de injusticias en la vida social, nacional e internacional \u00a1<em>l\u00edbranos<\/em>!<\/p>\n\n\n\n<p>De la facilidad de pisotear los mandamientos de Dios, \u00a1<em>l\u00edbranos<\/em>!<\/p>\n\n\n\n<p>De la tentativa de ofuscar en los corazones humanos la verdad misma de Dios, \u00a1<em>l\u00edbranos<\/em>!<\/p>\n\n\n\n<p>De la p\u00e9rdida de la conciencia del bien y del mal, \u00a1<em>l\u00edbranos<\/em>!<\/p>\n\n\n\n<p>De los pecados contra el Esp\u00edritu Santo, \u00a1<em>l\u00edbranos<\/em>! \u00a1<em>l\u00edbranos<\/em>!<\/p>\n\n\n\n<p>\u00a1Acoge, \u00a1oh Madre de Cristo!, este grito <em>cargado con los sufrimientos<\/em> de todos los hombres! \u00a1<em>Cargado con el grito de sociedades enteras<\/em>!<\/p>\n\n\n\n<p>Ay\u00fadanos con el poder del Esp\u00edritu Santo a vencer todo pecado: el pecado del hombre y &#8220;el pecado del mundo&#8221;, el pecado en todas sus manifestaciones.<\/p>\n\n\n\n<p>\u00a1Que se revele, una vez m\u00e1s, en la historia del mundo el infinito poder salv\u00edfico de la Redenci\u00f3n! poder del <em>\u00a1Amor Misericordioso!<\/em> \u00a1Que \u00c9l detenga el mal! \u00a1Transforme las conciencias! \u00a1Que en Tu Coraz\u00f3n Inmaculado se manifieste a todos <em>la luz de la Esperanza<\/em>! Am\u00e9n.<\/p>\n\n\n\n<p><\/p>\n\n\n\n<p>Fuente: <\/p>\n\n\n\n<p>A los Sacerdotes hijos predilectos de la Sant\u00edsima Virgen, pag. 1273<\/p>\n\n\n\n<p><\/p>\n","protected":false},"excerpt":{"rendered":"<p>Acto de Consagraci\u00f3n a la Virgen compuesto y le\u00eddo por SS. Juan Pablo II en la plaza de San Pedro en la solemnidad de la Anunciaci\u00f3n de 1984 Pronunciando las palabras de esta ant\u00edfona, con la que la Iglesia de Cristo ora desde hace siglos, nos encontramos hoy ante Ti, Madre, en el a\u00f1o jubilar&#8230;<\/p>\n<p class=\"more-link-wrap\"><a href=\"https:\/\/deusvult.net\/blog\/2026\/04\/15\/acto-de-consagracion-a-la-virgen-nuestra-senora\/\" class=\"more-link\">Read More<span class=\"screen-reader-text\"> &ldquo;Acto de Consagraci\u00f3n a la Virgen Nuestra Se\u00f1ora&rdquo;<\/span> &raquo;<\/a><\/p>\n","protected":false},"author":2,"featured_media":103,"comment_status":"closed","ping_status":"closed","sticky":false,"template":"","format":"standard","meta":{"footnotes":""},"categories":[9],"tags":[10],"class_list":["post-100","post","type-post","status-publish","format-standard","has-post-thumbnail","hentry","category-oraciones","tag-consagracion"],"_links":{"self":[{"href":"https:\/\/deusvult.net\/blog\/wp-json\/wp\/v2\/posts\/100","targetHints":{"allow":["GET"]}}],"collection":[{"href":"https:\/\/deusvult.net\/blog\/wp-json\/wp\/v2\/posts"}],"about":[{"href":"https:\/\/deusvult.net\/blog\/wp-json\/wp\/v2\/types\/post"}],"author":[{"embeddable":true,"href":"https:\/\/deusvult.net\/blog\/wp-json\/wp\/v2\/users\/2"}],"replies":[{"embeddable":true,"href":"https:\/\/deusvult.net\/blog\/wp-json\/wp\/v2\/comments?post=100"}],"version-history":[{"count":2,"href":"https:\/\/deusvult.net\/blog\/wp-json\/wp\/v2\/posts\/100\/revisions"}],"predecessor-version":[{"id":102,"href":"https:\/\/deusvult.net\/blog\/wp-json\/wp\/v2\/posts\/100\/revisions\/102"}],"wp:featuredmedia":[{"embeddable":true,"href":"https:\/\/deusvult.net\/blog\/wp-json\/wp\/v2\/media\/103"}],"wp:attachment":[{"href":"https:\/\/deusvult.net\/blog\/wp-json\/wp\/v2\/media?parent=100"}],"wp:term":[{"taxonomy":"category","embeddable":true,"href":"https:\/\/deusvult.net\/blog\/wp-json\/wp\/v2\/categories?post=100"},{"taxonomy":"post_tag","embeddable":true,"href":"https:\/\/deusvult.net\/blog\/wp-json\/wp\/v2\/tags?post=100"}],"curies":[{"name":"wp","href":"https:\/\/api.w.org\/{rel}","templated":true}]}}