{"id":125,"date":"2026-04-16T02:48:22","date_gmt":"2026-04-16T02:48:22","guid":{"rendered":"https:\/\/deusvult.net\/blog\/?p=125"},"modified":"2026-04-16T02:48:22","modified_gmt":"2026-04-16T02:48:22","slug":"el-escapulario-purpura-la-cruz-del-perdon-la-medalla-del-buen-amparo","status":"publish","type":"post","link":"https:\/\/deusvult.net\/blog\/2026\/04\/16\/el-escapulario-purpura-la-cruz-del-perdon-la-medalla-del-buen-amparo\/","title":{"rendered":"El Escapulario P\u00farpura, La Cruz del Perd\u00f3n, La Medalla del Buen Amparo"},"content":{"rendered":"\n<p>\u00bfQui\u00e9n fue la m\u00edstica Marie-Julie Jahenny?<br>Marie-Julie Jahenny naci\u00f3 12 de febrero 1850, en un peque\u00f1o pueblo en Breta\u00f1a (noroeste de Francia), llamado Blain.<\/p>\n\n\n\n<figure class=\"wp-block-image size-full\"><img loading=\"lazy\" decoding=\"async\" width=\"394\" height=\"557\" src=\"https:\/\/deusvult.net\/blog\/wp-content\/uploads\/2026\/04\/Marie-Julie-Jahenny.gif\" alt=\"\" class=\"wp-image-126\"\/><\/figure>\n\n\n\n<p>Cuando ten\u00eda 16 a\u00f1os, Marie-Julie se puso a trabajar al servicio de una familia. Pero su d\u00e9bil constituci\u00f3n le permiti\u00f3 permanecer all\u00ed s\u00f3lo seis meses.<br>Debido a que la Divina Providencia le deseaba que viviera como un alma v\u00edctima en reparaci\u00f3n por los pecados de la humanidad, y ella gustosamente abraz\u00f3 con todo su ser. Se uni\u00f3 a la Tercera Orden Franciscana cuando ella ten\u00eda veinte a\u00f1os. En 1873 recibi\u00f3 del Cielo que don m\u00edstico de los estigmas. Recibi\u00f3 las Cinco Llagas en manos, pies y costado. Adem\u00e1s Marie-Julie sufri\u00f3 las heridas infligidas por la corona de espinas y la Cruz de Nuestro el Se\u00f1or en el hombro. Tambi\u00e9n las heridas de su flagelaci\u00f3n, las causadas por las cuerdas con que estuvo atado, as\u00ed como otras heridas de car\u00e1cter m\u00e1s m\u00edstico.<br><br>Desde la edad de veintitr\u00e9s a\u00f1os hasta su muerte, unos sesenta a\u00f1os, tuvo en su cuerpo las Llagas de Nuestro Se\u00f1or.<br>Ten\u00eda el don de reconocer la hostia consagrada del pan com\u00fan, as\u00ed como los objetos que fueron bendecidos y los que no lo fueron. Tambi\u00e9n inclu\u00eda el reconocimiento de reliquias e identificar de d\u00f3nde ven\u00edan. Y por \u00faltimo, a pesar de que era analfabeta, ella entend\u00eda himnos y oraciones lit\u00fargicas en varios idiomas diferentes. <em>Marie-Julie Jahenny se fue a casa con el Se\u00f1or en el 24 de febrero <\/em><em>1941<\/em><em>.<\/em><\/p>\n\n\n\n<p><br>Jes\u00fas y Mar\u00eda le recomiendan tres sacramentales en varios mensajes: <strong>la Cruz del Perd\u00f3n, el Escapulario de Bendici\u00f3n y Protecci\u00f3n, y la Medalla de Nuestra Se\u00f1ora del Buen Amparo.<\/strong><\/p>\n\n\n\n<p class=\"has-medium-font-size\"><br><mark style=\"background-color:rgba(0, 0, 0, 0)\" class=\"has-inline-color has-vivid-red-color\">1.- La Cruz del Perd\u00f3n<\/mark><\/p>\n\n\n\n<figure class=\"wp-block-image size-full\"><img loading=\"lazy\" decoding=\"async\" width=\"446\" height=\"437\" src=\"https:\/\/deusvult.net\/blog\/wp-content\/uploads\/2026\/04\/Cruz-del-Perdon.jpg\" alt=\"\" class=\"wp-image-127\" srcset=\"https:\/\/deusvult.net\/blog\/wp-content\/uploads\/2026\/04\/Cruz-del-Perdon.jpg 446w, https:\/\/deusvult.net\/blog\/wp-content\/uploads\/2026\/04\/Cruz-del-Perdon-300x294.jpg 300w\" sizes=\"auto, (max-width: 446px) 100vw, 446px\" \/><\/figure>\n\n\n\n<p><br><strong>Palabras de Nuestro Se\u00f1or del 20 de Julio de 1882:<\/strong><\/p>\n\n\n\n<p><strong>\u00c9xtasis del 15 de noviembre de 1921<\/strong><\/p>\n\n\n\n<blockquote class=\"wp-block-quote is-layout-flow wp-block-quote-is-layout-flow\">\n<p>\u00abAmigos m\u00edos tan amados, quiero que os d\u00e9is cuenta de lo que padezco pensando en tantas almas privadas de la felicidad eterna.<\/p>\n\n\n\n<p>Amiguitos tan amados los d\u00edas pasados dejaron mucho mal, pero los que vienen ser\u00e1n a\u00fan m\u00e1s terribles porque el mal va cobrando una intensidad terrible, una extensi\u00f3n que ya no tendr\u00e1 l\u00edmites.<\/p>\n\n\n\n<p>Amiguitos m\u00edos amad\u00edsimos, llevar\u00e9is mi Cruz adorable la cual os guardar\u00e1 de todas clases de males, que sea grande o peque\u00f1a; un d\u00eda las bendecir\u00e9 todas.<\/p>\n<\/blockquote>\n\n\n\n<ul class=\"wp-block-list\">\n<li>Primero, llevar\u00e1n el nombre de \u00abCruz del perd\u00f3n\u00bb.<\/li>\n\n\n\n<li>Segundo, el de \u00abCruz de la salvaci\u00f3n\u00bb.<\/li>\n\n\n\n<li>Tercero, el de \u00abCruz de la santa protecci\u00f3n\u00bb.<\/li>\n\n\n\n<li>Cuarto, el nombre de \u00abCruz que calma las calamidades\u00bb.<\/li>\n\n\n\n<li>Quinto, llevar\u00e1n la plegaria: \u00abOh Dios Salvador Crucificado, abr\u00e1same de amor, fe y \u00e1nimo para la salvaci\u00f3n de mis hermanos\u00bb.<\/li>\n<\/ul>\n\n\n\n<blockquote class=\"wp-block-quote is-layout-flow wp-block-quote-is-layout-flow\">\n<p>\u00abHijitos m\u00edos, todas las almas que sufren y est\u00e1n acribilladas por las calamidades, todas las que besar\u00e1n esta Cruz, recibir\u00e1n mi perd\u00f3n, todas las que la tocar\u00e1n recibir\u00e1n mi perd\u00f3n.<\/p>\n\n\n\n<p>Ser\u00e1 larga la expiaci\u00f3n, pero un d\u00eda ser\u00e1 el Cielo, el Cielo se abrir\u00e1.<\/p>\n\n\n\n<p>Os advierto con anticipaci\u00f3n, amiguitos m\u00edos amadisimos, para que no esteis sorprendidos, para que teng\u00e1is tiempo de avisar a los que quer\u00e9is y sus familias\u00bb<\/p>\n<\/blockquote>\n\n\n\n<p><br><strong>\u00c9xtasis del 17 de Enero de 1922<\/strong><\/p>\n\n\n\n<p>Nuestro Se\u00f1or revela esta oraci\u00f3n que se debes rezar a menudo, y sobre todo durante el tiempo del gran diluvio de males y de espanto:<br><br><strong><br><\/strong><strong>\u00abTe saludo, te adoro, te beso; Oh ! Cruz adorable de mi Salvador. Prot\u00e9genos, gu\u00e1rdanos, s\u00e1lvanos.<br>Jes\u00fas te am\u00f3 tanto.<br>Por tu santa imagen sosiega nuestros espantos.<br>Que yo no sienta nada m\u00e1s que paz y confianza\u00bb<\/strong><strong><br><\/strong><br><br>A\u00f1ade Nuestro Se\u00f1or que con esta oraci\u00f3n: \u00abRecibir\u00e9is tantas gracias, tanta fuerza y tanto amor que este gran diluvio pasar\u00e1 sin que os deis cuenta de \u00e9l.<br>Es una gracia de mi cari\u00f1o\u00bb.<\/p>\n\n\n\n<p>Durante el tiempo en que los sacerdotes sean perseguidos y est\u00e9n escondidos de modo que no haya forma de confesarse, en ese tiempo extraordinario, al besar esta Cruz Del Perd\u00f3n se perdonar\u00e1n todos los pecados veniales. Los mortales seguir\u00e1n requiriendo la confesi\u00f3n ante un sacerdote.<\/p>\n\n\n\n<p class=\"has-medium-font-size\"><br><mark style=\"background-color:rgba(0, 0, 0, 0)\" class=\"has-inline-color has-vivid-red-color\">2.- Escapulario de Bendici\u00f3n y Protecci\u00f3n<\/mark><\/p>\n\n\n\n<figure class=\"wp-block-image size-full\"><img loading=\"lazy\" decoding=\"async\" width=\"500\" height=\"451\" src=\"https:\/\/deusvult.net\/blog\/wp-content\/uploads\/2026\/04\/EscapularioPurpura_02.jpg\" alt=\"\" class=\"wp-image-128\" srcset=\"https:\/\/deusvult.net\/blog\/wp-content\/uploads\/2026\/04\/EscapularioPurpura_02.jpg 500w, https:\/\/deusvult.net\/blog\/wp-content\/uploads\/2026\/04\/EscapularioPurpura_02-300x271.jpg 300w\" sizes=\"auto, (max-width: 500px) 100vw, 500px\" \/><\/figure>\n\n\n\n<p>Se le llama tambi\u00e9n como escapulario p\u00farpura o escapulario morado. Debe ser hecho de tela, tejido, del tama\u00f1o de la palma de la mano (de hombre).<br><br>Los cordones de este escapulario deben tener 3 nudos a un lado y 2 a otro. El escapulario se usa visti\u00e9ndolo con el cord\u00f3n de 3 nudos sobre el hombro izquierdo, y el de 2 nudos sobre el hombro derecho. Esa es la forma correcta de usarlo, de tal manera que la parte tejida roja del caliz quede sobre el pecho y en la espalda queda la tela con la representacion de Jes\u00fas y Mar\u00eda.<br><br>En amazon venden algunos escapularios peque\u00f1itos y en vez de llevar cordones tejidos llevan cintas, pero esas caracter\u00edsticas NO fueron las indicaciones de la Virgen Mar\u00eda. Conseguir los escapularios tal como los mand\u00f3 a hacer la Virgen Sant\u00edsima. Hay que ser humildemente obedientes.<\/p>\n\n\n\n<p><strong>Promesas del Escapulario Morado<\/strong><br><em><br>Este escapulario fulminar\u00e1 a los ingratos que blasfemar\u00e1n mi Nombre en la casa en la cual estar\u00e1 expuesto.<br>Si entra un imp\u00edo, estar\u00e1 \u00e9ste tan impresionado que pr\u00f3xima ser\u00e1 su conversi\u00f3n.<br>Todos los que lo llevar\u00e1n estar\u00e1n preservados del trueno, de muerte s\u00fabita y de accidentes.<br>Estar\u00e1n protegidos durante los castigos.<br>Quienquiera que lo pondr\u00e1 en el Templo Santo alejar\u00e1 a los imp\u00edos y las profanaciones.<br>El Se\u00f1or a\u00f1ade tambi\u00e9n que se despertar\u00e1n la fe y la convicci\u00f3n en el alma obstinada a la cual le ser\u00e1 recordado este escapulario en la hora de la muerte.<br>Que todos los que pensar\u00e1n en \u00e9l y lo amar\u00e1n evitar\u00e1n las penas del alma y que quien lo llevar\u00e1 estar\u00e1 fuera de peligro como si poseyera el Cielo.<br>Precisa tambi\u00e9n que adem\u00e1s este escapulario servir\u00e1 de pararrayos bajo el cual la Ira de Dios se har\u00e1 menos pesada.<br>Dice tambi\u00e9n Nuestro Se\u00f1or que cualquier sacerdote podr\u00e1 bendecir este escapulario.<br>T\u00fa, victima m\u00eda, podr\u00e1s hacer el modelo\u2026<br>Al ponerse este escapulario se podr\u00e1 rezar 5 \u00f3 7 veces el Crux Ave y meditar durante 1 \u00f3 3 minutos sobre mi Santa Pasi\u00f3n\u2026<br>Conceder\u00e9 muchas gracias a quien se vestir\u00e1 de este santo H\u00e1bito.<\/em><\/p>\n\n\n\n<p>Este escapulario te protejer\u00e1 durante los tiempos de castigos, calamidades y hambrunas. Aquellos que lo porten podr\u00e1n atravesar tormentas, tempestades y tinieblas. Tendr\u00e1n luz como en el pleno d\u00eda. Ese es el poder de este escapulario desconocido.<\/p>\n\n\n\n<p><strong>Oraci\u00f3n por el Escapulario Morado:<\/strong><br><em><br>Te saludo, Jes\u00fas crucificado, por concederme la vida.<br>Te saludo con toda la alegr\u00eda de los \u00e1ngeles y santos<br>durante tu descenso de la Cruz.<br>Te saludo con la tristeza de tu madre mientras<br>descansabas en su Inmaculado coraz\u00f3n y regazo.<\/em><br>(Repite 5 o 7 veces el CRUX AVE y meditar 3 minutos sobre la pasi\u00f3n de Jes\u00fas)<br><em>O Crux Ave, spes unica, et Verbum caro<br>factum est. O Jes\u00fas, conquistador de la muerte, s\u00e1lvanos!<\/em><\/p>\n\n\n\n<p>Video n\u00edtido de c\u00f3mo es este escapulario:<\/p>\n\n\n\n<figure class=\"wp-block-embed is-type-video is-provider-youtube wp-block-embed-youtube wp-embed-aspect-16-9 wp-has-aspect-ratio\"><div class=\"wp-block-embed__wrapper\">\n<iframe loading=\"lazy\" title=\"Purple Scapular of Benediction and Protection\" width=\"650\" height=\"366\" src=\"https:\/\/www.youtube.com\/embed\/q8-RVxD3JuY?feature=oembed\" frameborder=\"0\" allow=\"accelerometer; autoplay; clipboard-write; encrypted-media; gyroscope; picture-in-picture; web-share\" referrerpolicy=\"strict-origin-when-cross-origin\" allowfullscreen><\/iframe>\n<\/div><\/figure>\n\n\n\n<p class=\"has-medium-font-size\"><br><mark style=\"background-color:rgba(0, 0, 0, 0)\" class=\"has-inline-color has-vivid-red-color\">3.- Medalla del Buen Amparo<\/mark><\/p>\n\n\n\n<figure class=\"wp-block-image size-full\"><img loading=\"lazy\" decoding=\"async\" width=\"640\" height=\"438\" src=\"https:\/\/deusvult.net\/blog\/wp-content\/uploads\/2026\/04\/Medalla-del-Buen-Amparo.png\" alt=\"\" class=\"wp-image-129\" srcset=\"https:\/\/deusvult.net\/blog\/wp-content\/uploads\/2026\/04\/Medalla-del-Buen-Amparo.png 640w, https:\/\/deusvult.net\/blog\/wp-content\/uploads\/2026\/04\/Medalla-del-Buen-Amparo-300x205.png 300w\" sizes=\"auto, (max-width: 640px) 100vw, 640px\" \/><\/figure>\n\n\n\n<p><strong>\u00c9xtasis del 16 de agosto de 1880<\/strong><\/p>\n\n\n\n<blockquote class=\"wp-block-quote is-layout-flow wp-block-quote-is-layout-flow\">\n<p>\u00abCon toda la bondad de mi Coraz\u00f3n, y con todo mi Cari\u00f1o, dir\u00e9 tambi\u00e9n a los padres que ser\u00eda muy bien, y al mismo tiempo una gran gracia, que hicieran llevar a sus hijos, peque\u00f1os y mayores, una medalla que a\u00fan no existe pero que se podr\u00eda acu\u00f1ar, no muy ancha, como uno quiera.<br>Esta medalla llevar\u00eda estas palabras:<br>\u00abOh! T\u00fa Santa Virgen, quien pisaste la cabeza de la serpiente, protege nuestra fe y la inocencia de nuestros peque\u00f1itos.\u00bb<br>La Sant\u00edsima Virgen lleva esta medalla sobre su Coraz\u00f3n y leo muy bien lo que est\u00e1 escrito; Ella me la ense\u00f1a: es redonda y blanca.<\/p>\n<\/blockquote>\n\n\n\n<p>La Sant\u00edsima Virgen contin\u00faa:<\/p>\n\n\n\n<blockquote class=\"wp-block-quote is-layout-flow wp-block-quote-is-layout-flow\">\n<p>\u00abNo es necesario que cueste mucho esta medalla, su valor ser\u00e1 el mismo.<br>Servir\u00e1 para proteger la inocencia durante un tiempo muy dif\u00edcil, mientras se derramar\u00e1 la peste de la corrupci\u00f3n por todas partes.<br>Cada cristiano podr\u00e1 proveerse de esta medalla que le servir\u00e1 de defensa y de arma de la Fe la cual vencer\u00eda la boca culpable y p\u00e9rfida del mal.\u00bb<\/p>\n<\/blockquote>\n\n\n\n<p>Esta medalla es para preservar la inocencia de los ni\u00f1os en estos tiempos de tanto adoctrinamiento.<\/p>\n\n\n\n<p><br><strong>VIDEO DE REFERENCIA:<\/strong>  (material del canal Semillas De Fe)<\/p>\n\n\n\n<figure class=\"wp-block-embed is-type-video is-provider-youtube wp-block-embed-youtube wp-embed-aspect-16-9 wp-has-aspect-ratio\"><div class=\"wp-block-embed__wrapper\">\n<iframe loading=\"lazy\" title=\"C\u00f3mo estar LISTOS para lo que Viene, Sacramentales que debes tener- Padre Michel Rodrigue\" width=\"650\" height=\"366\" src=\"https:\/\/www.youtube.com\/embed\/2JR7vm5_3I4?feature=oembed\" frameborder=\"0\" allow=\"accelerometer; autoplay; clipboard-write; encrypted-media; gyroscope; picture-in-picture; web-share\" referrerpolicy=\"strict-origin-when-cross-origin\" allowfullscreen><\/iframe>\n<\/div><\/figure>\n\n\n\n<p><strong>\u00bfD\u00f3nde comprar sacramentales?<\/strong><\/p>\n\n\n\n<ul class=\"wp-block-list\">\n<li>El video de referencia mencionado l\u00edneas arriba, contiene informaci\u00f3n de contacto fijado en el primer comentario, para comprar el Escapulario Morado<\/li>\n\n\n\n<li>Otros lugares donde he visto que venden es en Amazon.com, Facebook Market place, ebay.com, etsy.com. (Pero fijense que sean como lo indic\u00f3 la Virgen Mar\u00eda<\/li>\n<\/ul>\n\n\n\n<p>Fuente:<\/p>\n\n\n\n<ul class=\"wp-block-list\">\n<li>Foros de la Virgen<\/li>\n\n\n\n<li>Canal Semillas de Fe<\/li>\n\n\n\n<li>Canal &#8220;Metanoia Prayer Room&#8221;<\/li>\n<\/ul>\n","protected":false},"excerpt":{"rendered":"<p>\u00bfQui\u00e9n fue la m\u00edstica Marie-Julie Jahenny?Marie-Julie Jahenny naci\u00f3 12 de febrero 1850, en un peque\u00f1o pueblo en Breta\u00f1a (noroeste de Francia), llamado Blain. Cuando ten\u00eda 16 a\u00f1os, Marie-Julie se puso a trabajar al servicio de una familia. Pero su d\u00e9bil constituci\u00f3n le permiti\u00f3 permanecer all\u00ed s\u00f3lo seis meses.Debido a que la Divina Providencia le deseaba&#8230;<\/p>\n<p class=\"more-link-wrap\"><a href=\"https:\/\/deusvult.net\/blog\/2026\/04\/16\/el-escapulario-purpura-la-cruz-del-perdon-la-medalla-del-buen-amparo\/\" class=\"more-link\">Read More<span class=\"screen-reader-text\"> &ldquo;El Escapulario P\u00farpura, La Cruz del Perd\u00f3n, La Medalla del Buen Amparo&rdquo;<\/span> &raquo;<\/a><\/p>\n","protected":false},"author":2,"featured_media":0,"comment_status":"closed","ping_status":"closed","sticky":false,"template":"","format":"standard","meta":{"footnotes":""},"categories":[12],"tags":[],"class_list":["post-125","post","type-post","status-publish","format-standard","hentry","category-sacramentales"],"_links":{"self":[{"href":"https:\/\/deusvult.net\/blog\/wp-json\/wp\/v2\/posts\/125","targetHints":{"allow":["GET"]}}],"collection":[{"href":"https:\/\/deusvult.net\/blog\/wp-json\/wp\/v2\/posts"}],"about":[{"href":"https:\/\/deusvult.net\/blog\/wp-json\/wp\/v2\/types\/post"}],"author":[{"embeddable":true,"href":"https:\/\/deusvult.net\/blog\/wp-json\/wp\/v2\/users\/2"}],"replies":[{"embeddable":true,"href":"https:\/\/deusvult.net\/blog\/wp-json\/wp\/v2\/comments?post=125"}],"version-history":[{"count":1,"href":"https:\/\/deusvult.net\/blog\/wp-json\/wp\/v2\/posts\/125\/revisions"}],"predecessor-version":[{"id":130,"href":"https:\/\/deusvult.net\/blog\/wp-json\/wp\/v2\/posts\/125\/revisions\/130"}],"wp:attachment":[{"href":"https:\/\/deusvult.net\/blog\/wp-json\/wp\/v2\/media?parent=125"}],"wp:term":[{"taxonomy":"category","embeddable":true,"href":"https:\/\/deusvult.net\/blog\/wp-json\/wp\/v2\/categories?post=125"},{"taxonomy":"post_tag","embeddable":true,"href":"https:\/\/deusvult.net\/blog\/wp-json\/wp\/v2\/tags?post=125"}],"curies":[{"name":"wp","href":"https:\/\/api.w.org\/{rel}","templated":true}]}}