{"id":84,"date":"2026-04-15T04:12:28","date_gmt":"2026-04-15T04:12:28","guid":{"rendered":"https:\/\/deusvult.net\/blog\/?p=84"},"modified":"2026-04-16T04:58:07","modified_gmt":"2026-04-16T04:58:07","slug":"el-infierno","status":"publish","type":"post","link":"https:\/\/deusvult.net\/blog\/2026\/04\/15\/el-infierno\/","title":{"rendered":"El Infierno"},"content":{"rendered":"\n<p>Las realidades eternas son el Cielo y el Infierno, y tambi\u00e9n de forma temporal el Purgatorio.<br><br>Al igual que el Cielo, el Infierno es eterno, para siempre, por los siglos de los siglos. La gente repite la palabra eterno como sin\u00f3nimo de &#8220;para siempre&#8221; pero no tienen idea de su magnitud. Tienen conciencia de la magnitud de 1 segundo, de 10 minutos, de 3 horas, 20 a\u00f1os&#8230;. pero de la eternidad&#8230; NO.<br><br>Imag\u00ednense que est\u00e1n sosteniendo un extremo de una misteriosa cuerda blanca. Los primeros 100cm de esta punta que est\u00e1n tocando, est\u00e1 pintado de rojo, luego toda la cuerda es de color blanco, y es tan larga que dar mil vueltas al sistema solar es dimensionarla como muy corta&#8230; es tan larga que se extiende hacia las profundidades del universo&#8230; hacia el infinito&#8230; el otro extremo de la cuerda simplemente no existe&#8230; es infinita&#8230; el otro extremo de la cuerda jam\u00e1s la ver\u00e1n.<br><br>Pues bien esos primeros 100 cm de color rojo representan los a\u00f1os que vivimos en la tierra, son por lo general los a\u00f1os de los que disponemos para vivir aqu\u00ed en la misma tierra que piso Ad\u00e1n, el primer hombre.<br><br>100 a\u00f1os&#8230; en los que aprendemos a vivir seg\u00fan los mandamientos de Dios, los 100 a\u00f1os en los cuales tenemos toda la misericordia y perd\u00f3n de Dios inimaginables para perfeccionarnos, para vivir amando a Dios y al pr\u00f3jimo, para hacernos santos.<br><br>\u00bfY t\u00fa, en qu\u00e9 cent\u00edmetro vas? Deja todo&#8230; todo lo mundano y preoc\u00fapate por la salvaci\u00f3n de tu alma.<br><br>Ojal\u00e1 todos vayamos al final de nuestros d\u00edas a habitar en el cielo&#8230; pero hay muchos necios que no les interesa las cosas de Dios. Yo hace poco cruc\u00e9 el cent\u00edmetro 40 y no se si llegar\u00e9 al cent\u00edmetro 100, no tengo la certeza&#8230; es un misterio la longitud de mi color rojo&#8230; solo Dios lo sabe. Pero de lo que s\u00ed estoy seguro, es que debo hacer todo lo posible por vivir mi vida agradando a mi Dios que es tan noble, tierno y misericordioso pero tambi\u00e9n justo.<br><br>Pensar en los tormentos del infierno es un terror \u00fanico. Piensen por un instante que durante un terremoto o un temblor fuerte, que apenas dura unos minutos, la gente entra en p\u00e1nico&#8230; me pregunto como ser\u00e1 de horrible ser quemado y atormentado por demonios ETERNAMENTE.<br><br>Si no te gust\u00f3 la cuerda puedes pensar que un solo granito de arena de una playa representa 1 mill\u00f3n de a\u00f1os. Ponte a pensar cuantos granitos de arena tienen todas las playas del planeta juntas&#8230; \u00bfPodr\u00edas estimar todo ese tiempo que pasar\u00edas en el infierno si te llegaras a condenar? \u00bfCu\u00e1ntos granitos de arena tiene todo el universo? Sencillamente son n\u00fameros divinos, tu mente no puede dimensionarlo&#8230; y cuando se llega a pasar el ultimo granito de arena del tiempo, pues se empieza desde cero otra vez y as\u00ed infinitamente. Que triste ser\u00eda pasar ese tiempo infinito en el infierno&#8230; es mejor pasarlo en el cielo&#8230; es mejor hacer todo lo posible por ser lo m\u00e1s santos que podamos.<br><br>Recomiendo ver este v\u00eddeo. Si despu\u00e9s de verlo no te conviertes&#8230; pues te echar\u00e9 de menos.<\/p>\n\n\n\n<figure class=\"wp-block-embed is-type-video is-provider-youtube wp-block-embed-youtube wp-embed-aspect-4-3 wp-has-aspect-ratio\"><div class=\"wp-block-embed__wrapper\">\n<iframe loading=\"lazy\" title=\"El infierno padre C. Cancelado (Oliva) completo.\" width=\"650\" height=\"488\" src=\"https:\/\/www.youtube.com\/embed\/PRq8lNU2Vxs?feature=oembed\" frameborder=\"0\" allow=\"accelerometer; autoplay; clipboard-write; encrypted-media; gyroscope; picture-in-picture; web-share\" referrerpolicy=\"strict-origin-when-cross-origin\" allowfullscreen><\/iframe>\n<\/div><\/figure>\n","protected":false},"excerpt":{"rendered":"<p>Las realidades eternas son el Cielo y el Infierno, y tambi\u00e9n de forma temporal el Purgatorio. Al igual que el Cielo, el Infierno es eterno, para siempre, por los siglos de los siglos. La gente repite la palabra eterno como sin\u00f3nimo de &#8220;para siempre&#8221; pero no tienen idea de su magnitud. Tienen conciencia de la&#8230;<\/p>\n<p class=\"more-link-wrap\"><a href=\"https:\/\/deusvult.net\/blog\/2026\/04\/15\/el-infierno\/\" class=\"more-link\">Read More<span class=\"screen-reader-text\"> &ldquo;El Infierno&rdquo;<\/span> &raquo;<\/a><\/p>\n","protected":false},"author":2,"featured_media":152,"comment_status":"closed","ping_status":"closed","sticky":false,"template":"","format":"standard","meta":{"footnotes":""},"categories":[8],"tags":[],"class_list":["post-84","post","type-post","status-publish","format-standard","has-post-thumbnail","hentry","category-otros"],"_links":{"self":[{"href":"https:\/\/deusvult.net\/blog\/wp-json\/wp\/v2\/posts\/84","targetHints":{"allow":["GET"]}}],"collection":[{"href":"https:\/\/deusvult.net\/blog\/wp-json\/wp\/v2\/posts"}],"about":[{"href":"https:\/\/deusvult.net\/blog\/wp-json\/wp\/v2\/types\/post"}],"author":[{"embeddable":true,"href":"https:\/\/deusvult.net\/blog\/wp-json\/wp\/v2\/users\/2"}],"replies":[{"embeddable":true,"href":"https:\/\/deusvult.net\/blog\/wp-json\/wp\/v2\/comments?post=84"}],"version-history":[{"count":1,"href":"https:\/\/deusvult.net\/blog\/wp-json\/wp\/v2\/posts\/84\/revisions"}],"predecessor-version":[{"id":85,"href":"https:\/\/deusvult.net\/blog\/wp-json\/wp\/v2\/posts\/84\/revisions\/85"}],"wp:featuredmedia":[{"embeddable":true,"href":"https:\/\/deusvult.net\/blog\/wp-json\/wp\/v2\/media\/152"}],"wp:attachment":[{"href":"https:\/\/deusvult.net\/blog\/wp-json\/wp\/v2\/media?parent=84"}],"wp:term":[{"taxonomy":"category","embeddable":true,"href":"https:\/\/deusvult.net\/blog\/wp-json\/wp\/v2\/categories?post=84"},{"taxonomy":"post_tag","embeddable":true,"href":"https:\/\/deusvult.net\/blog\/wp-json\/wp\/v2\/tags?post=84"}],"curies":[{"name":"wp","href":"https:\/\/api.w.org\/{rel}","templated":true}]}}